{"id":7812,"date":"2024-02-06T12:31:00","date_gmt":"2024-02-06T11:31:00","guid":{"rendered":"https:\/\/gminawierzbno.pl\/bip\/?p=7812"},"modified":"2024-02-26T09:20:41","modified_gmt":"2024-02-26T08:20:41","slug":"ogloszenie-o-naborze-na-wolne-stanowisko-urzednicze-w-urzedzie-gminy-ds-wynagrodzen-w-referacie-oswiatowym","status":"publish","type":"post","link":"https:\/\/gminawierzbno.pl\/bip\/urzad-gminy\/nabor-na-wolne-stanowiska-urzednicze\/ogloszenie-o-naborze-na-wolne-stanowisko-urzednicze-w-urzedzie-gminy-ds-wynagrodzen-w-referacie-oswiatowym\/7812\/","title":{"rendered":"Og\u0142oszenie o naborze na wolne stanowisko urz\u0119dnicze w Urz\u0119dzie Gminy ds. wynagrodze\u0144 w Referacie  O\u015bwiatowym"},"content":{"rendered":"<p><strong>W\u00f3jt Gminy Wierzbno og\u0142asza nab\u00f3r na wolne stanowisko urz\u0119dnicze ds. <\/strong><strong>wynagrodze\u0144 w Referacie O\u015bwiatowym<\/strong><\/p>\n<!-- WP Attachments -->\r\n        <div style=\"width:100%;margin:10px 0 10px 0;\">\r\n            <h3>Za\u0142\u0105czniki<\/h3>\r\n        <ul class=\"post-attachments\"><li class=\"post-attachment mime-application-pdf\"><a href=\"https:\/\/gminawierzbno.pl\/bip\/urzad-gminy\/nabor-na-wolne-stanowiska-urzednicze\/ogloszenie-o-naborze-na-wolne-stanowisko-urzednicze-w-urzedzie-gminy-ds-wynagrodzen-w-referacie-oswiatowym\/7812\/?download=8002\">informacja-o-wynikach-naboru<\/a> <small>(25 kB)<\/small> <div style=\"float:right;\">2024.02.26 09:20<\/div><\/li><li class=\"post-attachment mime-application-vnd-openxmlformats-officedocument-wordprocessingml-document\"><a href=\"https:\/\/gminawierzbno.pl\/bip\/urzad-gminy\/nabor-na-wolne-stanowiska-urzednicze\/ogloszenie-o-naborze-na-wolne-stanowisko-urzednicze-w-urzedzie-gminy-ds-wynagrodzen-w-referacie-oswiatowym\/7812\/?download=7813\">klauzula-informacyjna<\/a> <small>(22 kB)<\/small> <div style=\"float:right;\">2024.02.06 12:34<\/div><\/li><li class=\"post-attachment mime-application-pdf\"><a href=\"https:\/\/gminawierzbno.pl\/bip\/urzad-gminy\/nabor-na-wolne-stanowiska-urzednicze\/ogloszenie-o-naborze-na-wolne-stanowisko-urzednicze-w-urzedzie-gminy-ds-wynagrodzen-w-referacie-oswiatowym\/7812\/?download=7814\">ogloszenie-o-naborze<\/a> <small>(209 kB)<\/small> <div style=\"float:right;\">2024.02.06 12:34<\/div><\/li><\/ul><\/div>","protected":false},"excerpt":{"rendered":"<p>W\u00f3jt Gminy Wierzbno og\u0142asza nab\u00f3r na wolne stanowisko urz\u0119dnicze ds. wynagrodze\u0144 w Referacie O\u015bwiatowym Za\u0142\u0105czniki informacja-o-wynikach-naboru (25 kB) 2024.02.26 09:20klauzula-informacyjna (22 kB) 2024.02.06 12:34ogloszenie-o-naborze (209 kB) 2024.02.06 12:34<\/p>\n","protected":false},"author":2,"featured_media":0,"comment_status":"closed","ping_status":"closed","sticky":false,"template":"","format":"standard","meta":{"_acf_changed":false,"footnotes":""},"categories":[195],"tags":[],"acf":[],"yoast_head":"<!-- This site is optimized with the Yoast SEO plugin v24.1 - https:\/\/yoast.com\/wordpress\/plugins\/seo\/ -->\n<title>Og\u0142oszenie o naborze na wolne stanowisko urz\u0119dnicze w Urz\u0119dzie Gminy ds. wynagrodze\u0144 w Referacie O\u015bwiatowym - Biuletyn Informacji Publicznej<\/title>\n<meta name=\"robots\" content=\"index, follow, max-snippet:-1, max-image-preview:large, max-video-preview:-1\" \/>\n<link rel=\"canonical\" href=\"https:\/\/gminawierzbno.pl\/bip\/urzad-gminy\/nabor-na-wolne-stanowiska-urzednicze\/ogloszenie-o-naborze-na-wolne-stanowisko-urzednicze-w-urzedzie-gminy-ds-wynagrodzen-w-referacie-oswiatowym\/7812\/\" \/>\n<meta property=\"og:locale\" content=\"pl_PL\" \/>\n<meta property=\"og:type\" content=\"article\" \/>\n<meta property=\"og:title\" content=\"Og\u0142oszenie o naborze na wolne stanowisko urz\u0119dnicze w Urz\u0119dzie Gminy ds. wynagrodze\u0144 w Referacie O\u015bwiatowym - Biuletyn Informacji Publicznej\" \/>\n<meta property=\"og:description\" content=\"W\u00f3jt Gminy Wierzbno og\u0142asza nab\u00f3r na wolne stanowisko urz\u0119dnicze ds. wynagrodze\u0144 w Referacie O\u015bwiatowym Za\u0142\u0105czniki informacja-o-wynikach-naboru (25 kB) 2024.02.26 09:20klauzula-informacyjna (22 kB) 2024.02.06 12:34ogloszenie-o-naborze (209 kB) 2024.02.06 12:34\" \/>\n<meta property=\"og:url\" content=\"https:\/\/gminawierzbno.pl\/bip\/urzad-gminy\/nabor-na-wolne-stanowiska-urzednicze\/ogloszenie-o-naborze-na-wolne-stanowisko-urzednicze-w-urzedzie-gminy-ds-wynagrodzen-w-referacie-oswiatowym\/7812\/\" \/>\n<meta property=\"og:site_name\" content=\"Biuletyn Informacji Publicznej\" \/>\n<meta property=\"article:published_time\" content=\"2024-02-06T11:31:00+00:00\" \/>\n<meta property=\"article:modified_time\" content=\"2024-02-26T08:20:41+00:00\" \/>\n<meta name=\"author\" content=\"Krzysztof Ratuski\" \/>\n<meta name=\"twitter:card\" content=\"summary_large_image\" \/>\n<meta name=\"twitter:label1\" content=\"Napisane przez\" \/>\n\t<meta name=\"twitter:data1\" content=\"Krzysztof Ratuski\" \/>\n\t<meta name=\"twitter:label2\" content=\"Szacowany czas czytania\" \/>\n\t<meta name=\"twitter:data2\" content=\"1 minuta\" \/>\n<script type=\"application\/ld+json\" class=\"yoast-schema-graph\">{\"@context\":\"https:\/\/schema.org\",\"@graph\":[{\"@type\":\"Article\",\"@id\":\"https:\/\/gminawierzbno.pl\/bip\/urzad-gminy\/nabor-na-wolne-stanowiska-urzednicze\/ogloszenie-o-naborze-na-wolne-stanowisko-urzednicze-w-urzedzie-gminy-ds-wynagrodzen-w-referacie-oswiatowym\/7812\/#article\",\"isPartOf\":{\"@id\":\"https:\/\/gminawierzbno.pl\/bip\/urzad-gminy\/nabor-na-wolne-stanowiska-urzednicze\/ogloszenie-o-naborze-na-wolne-stanowisko-urzednicze-w-urzedzie-gminy-ds-wynagrodzen-w-referacie-oswiatowym\/7812\/\"},\"author\":{\"name\":\"Krzysztof Ratuski\",\"@id\":\"https:\/\/gminawierzbno.pl\/bip\/#\/schema\/person\/0afcdd656e7e633168e2fc8c3601d132\"},\"headline\":\"Og\u0142oszenie o naborze na wolne stanowisko urz\u0119dnicze w Urz\u0119dzie Gminy ds. wynagrodze\u0144 w Referacie O\u015bwiatowym\",\"datePublished\":\"2024-02-06T11:31:00+00:00\",\"dateModified\":\"2024-02-26T08:20:41+00:00\",\"mainEntityOfPage\":{\"@id\":\"https:\/\/gminawierzbno.pl\/bip\/urzad-gminy\/nabor-na-wolne-stanowiska-urzednicze\/ogloszenie-o-naborze-na-wolne-stanowisko-urzednicze-w-urzedzie-gminy-ds-wynagrodzen-w-referacie-oswiatowym\/7812\/\"},\"wordCount\":38,\"publisher\":{\"@id\":\"https:\/\/gminawierzbno.pl\/bip\/#organization\"},\"articleSection\":[\"Nab\u00f3r na wolne stanowiska urz\u0119dnicze\"],\"inLanguage\":\"pl-PL\"},{\"@type\":\"WebPage\",\"@id\":\"https:\/\/gminawierzbno.pl\/bip\/urzad-gminy\/nabor-na-wolne-stanowiska-urzednicze\/ogloszenie-o-naborze-na-wolne-stanowisko-urzednicze-w-urzedzie-gminy-ds-wynagrodzen-w-referacie-oswiatowym\/7812\/\",\"url\":\"https:\/\/gminawierzbno.pl\/bip\/urzad-gminy\/nabor-na-wolne-stanowiska-urzednicze\/ogloszenie-o-naborze-na-wolne-stanowisko-urzednicze-w-urzedzie-gminy-ds-wynagrodzen-w-referacie-oswiatowym\/7812\/\",\"name\":\"Og\u0142oszenie o naborze na wolne stanowisko urz\u0119dnicze w Urz\u0119dzie Gminy ds. wynagrodze\u0144 w Referacie O\u015bwiatowym - Biuletyn Informacji Publicznej\",\"isPartOf\":{\"@id\":\"https:\/\/gminawierzbno.pl\/bip\/#website\"},\"datePublished\":\"2024-02-06T11:31:00+00:00\",\"dateModified\":\"2024-02-26T08:20:41+00:00\",\"breadcrumb\":{\"@id\":\"https:\/\/gminawierzbno.pl\/bip\/urzad-gminy\/nabor-na-wolne-stanowiska-urzednicze\/ogloszenie-o-naborze-na-wolne-stanowisko-urzednicze-w-urzedzie-gminy-ds-wynagrodzen-w-referacie-oswiatowym\/7812\/#breadcrumb\"},\"inLanguage\":\"pl-PL\",\"potentialAction\":[{\"@type\":\"ReadAction\",\"target\":[\"https:\/\/gminawierzbno.pl\/bip\/urzad-gminy\/nabor-na-wolne-stanowiska-urzednicze\/ogloszenie-o-naborze-na-wolne-stanowisko-urzednicze-w-urzedzie-gminy-ds-wynagrodzen-w-referacie-oswiatowym\/7812\/\"]}]},{\"@type\":\"BreadcrumbList\",\"@id\":\"https:\/\/gminawierzbno.pl\/bip\/urzad-gminy\/nabor-na-wolne-stanowiska-urzednicze\/ogloszenie-o-naborze-na-wolne-stanowisko-urzednicze-w-urzedzie-gminy-ds-wynagrodzen-w-referacie-oswiatowym\/7812\/#breadcrumb\",\"itemListElement\":[{\"@type\":\"ListItem\",\"position\":1,\"name\":\"Strona g\u0142\u00f3wna\",\"item\":\"https:\/\/gminawierzbno.pl\/bip\/\"},{\"@type\":\"ListItem\",\"position\":2,\"name\":\"Urz\u0105d Gminy\",\"item\":\"https:\/\/gminawierzbno.pl\/bip\/urzad-gminy\/\"},{\"@type\":\"ListItem\",\"position\":3,\"name\":\"Nab\u00f3r na wolne stanowiska urz\u0119dnicze\",\"item\":\"https:\/\/gminawierzbno.pl\/bip\/urzad-gminy\/nabor-na-wolne-stanowiska-urzednicze\/\"},{\"@type\":\"ListItem\",\"position\":4,\"name\":\"Og\u0142oszenie o naborze na wolne stanowisko urz\u0119dnicze w Urz\u0119dzie Gminy ds. wynagrodze\u0144 w Referacie O\u015bwiatowym\"}]},{\"@type\":\"WebSite\",\"@id\":\"https:\/\/gminawierzbno.pl\/bip\/#website\",\"url\":\"https:\/\/gminawierzbno.pl\/bip\/\",\"name\":\"Biuletyn Informacji Publicznej\",\"description\":\"Urz\u0105d Gminy Wierzbno\",\"publisher\":{\"@id\":\"https:\/\/gminawierzbno.pl\/bip\/#organization\"},\"potentialAction\":[{\"@type\":\"SearchAction\",\"target\":{\"@type\":\"EntryPoint\",\"urlTemplate\":\"https:\/\/gminawierzbno.pl\/bip\/?s={search_term_string}\"},\"query-input\":{\"@type\":\"PropertyValueSpecification\",\"valueRequired\":true,\"valueName\":\"search_term_string\"}}],\"inLanguage\":\"pl-PL\"},{\"@type\":\"Organization\",\"@id\":\"https:\/\/gminawierzbno.pl\/bip\/#organization\",\"name\":\"Urz\u0105d Gminy Wierzbno\",\"url\":\"https:\/\/gminawierzbno.pl\/bip\/\",\"logo\":{\"@type\":\"ImageObject\",\"inLanguage\":\"pl-PL\",\"@id\":\"https:\/\/gminawierzbno.pl\/bip\/#\/schema\/logo\/image\/\",\"url\":\"https:\/\/gminawierzbno.pl\/bip\/wp-content\/uploads\/sites\/2\/2022\/12\/desktop_logo.png\",\"contentUrl\":\"https:\/\/gminawierzbno.pl\/bip\/wp-content\/uploads\/sites\/2\/2022\/12\/desktop_logo.png\",\"width\":301,\"height\":143,\"caption\":\"Urz\u0105d Gminy Wierzbno\"},\"image\":{\"@id\":\"https:\/\/gminawierzbno.pl\/bip\/#\/schema\/logo\/image\/\"}},{\"@type\":\"Person\",\"@id\":\"https:\/\/gminawierzbno.pl\/bip\/#\/schema\/person\/0afcdd656e7e633168e2fc8c3601d132\",\"name\":\"Krzysztof Ratuski\"}]}<\/script>\n<!-- \/ Yoast SEO plugin. -->","yoast_head_json":{"title":"Og\u0142oszenie o naborze na wolne stanowisko urz\u0119dnicze w Urz\u0119dzie Gminy ds. wynagrodze\u0144 w Referacie O\u015bwiatowym - Biuletyn Informacji Publicznej","robots":{"index":"index","follow":"follow","max-snippet":"max-snippet:-1","max-image-preview":"max-image-preview:large","max-video-preview":"max-video-preview:-1"},"canonical":"https:\/\/gminawierzbno.pl\/bip\/urzad-gminy\/nabor-na-wolne-stanowiska-urzednicze\/ogloszenie-o-naborze-na-wolne-stanowisko-urzednicze-w-urzedzie-gminy-ds-wynagrodzen-w-referacie-oswiatowym\/7812\/","og_locale":"pl_PL","og_type":"article","og_title":"Og\u0142oszenie o naborze na wolne stanowisko urz\u0119dnicze w Urz\u0119dzie Gminy ds. wynagrodze\u0144 w Referacie O\u015bwiatowym - Biuletyn Informacji Publicznej","og_description":"W\u00f3jt Gminy Wierzbno og\u0142asza nab\u00f3r na wolne stanowisko urz\u0119dnicze ds. wynagrodze\u0144 w Referacie O\u015bwiatowym Za\u0142\u0105czniki informacja-o-wynikach-naboru (25 kB) 2024.02.26 09:20klauzula-informacyjna (22 kB) 2024.02.06 12:34ogloszenie-o-naborze (209 kB) 2024.02.06 12:34","og_url":"https:\/\/gminawierzbno.pl\/bip\/urzad-gminy\/nabor-na-wolne-stanowiska-urzednicze\/ogloszenie-o-naborze-na-wolne-stanowisko-urzednicze-w-urzedzie-gminy-ds-wynagrodzen-w-referacie-oswiatowym\/7812\/","og_site_name":"Biuletyn Informacji Publicznej","article_published_time":"2024-02-06T11:31:00+00:00","article_modified_time":"2024-02-26T08:20:41+00:00","author":"Krzysztof Ratuski","twitter_card":"summary_large_image","twitter_misc":{"Napisane przez":"Krzysztof Ratuski","Szacowany czas czytania":"1 minuta"},"schema":{"@context":"https:\/\/schema.org","@graph":[{"@type":"Article","@id":"https:\/\/gminawierzbno.pl\/bip\/urzad-gminy\/nabor-na-wolne-stanowiska-urzednicze\/ogloszenie-o-naborze-na-wolne-stanowisko-urzednicze-w-urzedzie-gminy-ds-wynagrodzen-w-referacie-oswiatowym\/7812\/#article","isPartOf":{"@id":"https:\/\/gminawierzbno.pl\/bip\/urzad-gminy\/nabor-na-wolne-stanowiska-urzednicze\/ogloszenie-o-naborze-na-wolne-stanowisko-urzednicze-w-urzedzie-gminy-ds-wynagrodzen-w-referacie-oswiatowym\/7812\/"},"author":{"name":"Krzysztof Ratuski","@id":"https:\/\/gminawierzbno.pl\/bip\/#\/schema\/person\/0afcdd656e7e633168e2fc8c3601d132"},"headline":"Og\u0142oszenie o naborze na wolne stanowisko urz\u0119dnicze w Urz\u0119dzie Gminy ds. wynagrodze\u0144 w Referacie O\u015bwiatowym","datePublished":"2024-02-06T11:31:00+00:00","dateModified":"2024-02-26T08:20:41+00:00","mainEntityOfPage":{"@id":"https:\/\/gminawierzbno.pl\/bip\/urzad-gminy\/nabor-na-wolne-stanowiska-urzednicze\/ogloszenie-o-naborze-na-wolne-stanowisko-urzednicze-w-urzedzie-gminy-ds-wynagrodzen-w-referacie-oswiatowym\/7812\/"},"wordCount":38,"publisher":{"@id":"https:\/\/gminawierzbno.pl\/bip\/#organization"},"articleSection":["Nab\u00f3r na wolne stanowiska urz\u0119dnicze"],"inLanguage":"pl-PL"},{"@type":"WebPage","@id":"https:\/\/gminawierzbno.pl\/bip\/urzad-gminy\/nabor-na-wolne-stanowiska-urzednicze\/ogloszenie-o-naborze-na-wolne-stanowisko-urzednicze-w-urzedzie-gminy-ds-wynagrodzen-w-referacie-oswiatowym\/7812\/","url":"https:\/\/gminawierzbno.pl\/bip\/urzad-gminy\/nabor-na-wolne-stanowiska-urzednicze\/ogloszenie-o-naborze-na-wolne-stanowisko-urzednicze-w-urzedzie-gminy-ds-wynagrodzen-w-referacie-oswiatowym\/7812\/","name":"Og\u0142oszenie o naborze na wolne stanowisko urz\u0119dnicze w Urz\u0119dzie Gminy ds. wynagrodze\u0144 w Referacie O\u015bwiatowym - Biuletyn Informacji Publicznej","isPartOf":{"@id":"https:\/\/gminawierzbno.pl\/bip\/#website"},"datePublished":"2024-02-06T11:31:00+00:00","dateModified":"2024-02-26T08:20:41+00:00","breadcrumb":{"@id":"https:\/\/gminawierzbno.pl\/bip\/urzad-gminy\/nabor-na-wolne-stanowiska-urzednicze\/ogloszenie-o-naborze-na-wolne-stanowisko-urzednicze-w-urzedzie-gminy-ds-wynagrodzen-w-referacie-oswiatowym\/7812\/#breadcrumb"},"inLanguage":"pl-PL","potentialAction":[{"@type":"ReadAction","target":["https:\/\/gminawierzbno.pl\/bip\/urzad-gminy\/nabor-na-wolne-stanowiska-urzednicze\/ogloszenie-o-naborze-na-wolne-stanowisko-urzednicze-w-urzedzie-gminy-ds-wynagrodzen-w-referacie-oswiatowym\/7812\/"]}]},{"@type":"BreadcrumbList","@id":"https:\/\/gminawierzbno.pl\/bip\/urzad-gminy\/nabor-na-wolne-stanowiska-urzednicze\/ogloszenie-o-naborze-na-wolne-stanowisko-urzednicze-w-urzedzie-gminy-ds-wynagrodzen-w-referacie-oswiatowym\/7812\/#breadcrumb","itemListElement":[{"@type":"ListItem","position":1,"name":"Strona g\u0142\u00f3wna","item":"https:\/\/gminawierzbno.pl\/bip\/"},{"@type":"ListItem","position":2,"name":"Urz\u0105d Gminy","item":"https:\/\/gminawierzbno.pl\/bip\/urzad-gminy\/"},{"@type":"ListItem","position":3,"name":"Nab\u00f3r na wolne stanowiska urz\u0119dnicze","item":"https:\/\/gminawierzbno.pl\/bip\/urzad-gminy\/nabor-na-wolne-stanowiska-urzednicze\/"},{"@type":"ListItem","position":4,"name":"Og\u0142oszenie o naborze na wolne stanowisko urz\u0119dnicze w Urz\u0119dzie Gminy ds. wynagrodze\u0144 w Referacie O\u015bwiatowym"}]},{"@type":"WebSite","@id":"https:\/\/gminawierzbno.pl\/bip\/#website","url":"https:\/\/gminawierzbno.pl\/bip\/","name":"Biuletyn Informacji Publicznej","description":"Urz\u0105d Gminy Wierzbno","publisher":{"@id":"https:\/\/gminawierzbno.pl\/bip\/#organization"},"potentialAction":[{"@type":"SearchAction","target":{"@type":"EntryPoint","urlTemplate":"https:\/\/gminawierzbno.pl\/bip\/?s={search_term_string}"},"query-input":{"@type":"PropertyValueSpecification","valueRequired":true,"valueName":"search_term_string"}}],"inLanguage":"pl-PL"},{"@type":"Organization","@id":"https:\/\/gminawierzbno.pl\/bip\/#organization","name":"Urz\u0105d Gminy Wierzbno","url":"https:\/\/gminawierzbno.pl\/bip\/","logo":{"@type":"ImageObject","inLanguage":"pl-PL","@id":"https:\/\/gminawierzbno.pl\/bip\/#\/schema\/logo\/image\/","url":"https:\/\/gminawierzbno.pl\/bip\/wp-content\/uploads\/sites\/2\/2022\/12\/desktop_logo.png","contentUrl":"https:\/\/gminawierzbno.pl\/bip\/wp-content\/uploads\/sites\/2\/2022\/12\/desktop_logo.png","width":301,"height":143,"caption":"Urz\u0105d Gminy Wierzbno"},"image":{"@id":"https:\/\/gminawierzbno.pl\/bip\/#\/schema\/logo\/image\/"}},{"@type":"Person","@id":"https:\/\/gminawierzbno.pl\/bip\/#\/schema\/person\/0afcdd656e7e633168e2fc8c3601d132","name":"Krzysztof Ratuski"}]}},"_links":{"self":[{"href":"https:\/\/gminawierzbno.pl\/bip\/wp-json\/wp\/v2\/posts\/7812"}],"collection":[{"href":"https:\/\/gminawierzbno.pl\/bip\/wp-json\/wp\/v2\/posts"}],"about":[{"href":"https:\/\/gminawierzbno.pl\/bip\/wp-json\/wp\/v2\/types\/post"}],"author":[{"embeddable":true,"href":"https:\/\/gminawierzbno.pl\/bip\/wp-json\/wp\/v2\/users\/2"}],"replies":[{"embeddable":true,"href":"https:\/\/gminawierzbno.pl\/bip\/wp-json\/wp\/v2\/comments?post=7812"}],"version-history":[{"count":2,"href":"https:\/\/gminawierzbno.pl\/bip\/wp-json\/wp\/v2\/posts\/7812\/revisions"}],"predecessor-version":[{"id":7816,"href":"https:\/\/gminawierzbno.pl\/bip\/wp-json\/wp\/v2\/posts\/7812\/revisions\/7816"}],"wp:attachment":[{"href":"https:\/\/gminawierzbno.pl\/bip\/wp-json\/wp\/v2\/media?parent=7812"}],"wp:term":[{"taxonomy":"category","embeddable":true,"href":"https:\/\/gminawierzbno.pl\/bip\/wp-json\/wp\/v2\/categories?post=7812"},{"taxonomy":"post_tag","embeddable":true,"href":"https:\/\/gminawierzbno.pl\/bip\/wp-json\/wp\/v2\/tags?post=7812"}],"curies":[{"name":"wp","href":"https:\/\/api.w.org\/{rel}","templated":true}]}}